{"id":833,"date":"2018-11-18T20:49:12","date_gmt":"2018-11-18T19:49:12","guid":{"rendered":"https:\/\/www.zusi-team-sued.de\/?p=833"},"modified":"2021-01-10T09:24:57","modified_gmt":"2021-01-10T08:24:57","slug":"baustellenfoto-kw-462018","status":"publish","type":"post","link":"https:\/\/www.zusi-team-sued.de\/?p=833","title":{"rendered":"Baustellenfoto KW 46\/2018"},"content":{"rendered":"<p>Das Baustellenfoto der KW 46\/2018 entf\u00fchrt uns mal wieder nach Westendorf, wo unsere Objektbauabteilung daf\u00fcr gesorgt hat, dass die ersten Geb\u00e4ude aus dem Boden sprie\u00dfen. Links zu sehen das &#8222;Empfangsgeb\u00e4ude&#8220; des Haltepunkts Westendorf.<\/p>\n<p><a href=\"https:\/\/blog.zusi-team-sued.de\/wp-content\/uploads\/2018\/11\/2018kw46.jpg\"><img loading=\"lazy\" decoding=\"async\" class=\"aligncenter wp-image-834\" src=\"https:\/\/blog.zusi-team-sued.de\/wp-content\/uploads\/2018\/11\/2018kw46-1024x460.jpg\" alt=\"\" width=\"1024\" height=\"460\" srcset=\"https:\/\/blog.zusi-team-sued.de\/wp-content\/uploads\/2018\/11\/2018kw46-1024x460.jpg 1024w, https:\/\/blog.zusi-team-sued.de\/wp-content\/uploads\/2018\/11\/2018kw46-300x135.jpg 300w, https:\/\/blog.zusi-team-sued.de\/wp-content\/uploads\/2018\/11\/2018kw46-768x345.jpg 768w, https:\/\/blog.zusi-team-sued.de\/wp-content\/uploads\/2018\/11\/2018kw46-945x425.jpg 945w, https:\/\/blog.zusi-team-sued.de\/wp-content\/uploads\/2018\/11\/2018kw46-600x270.jpg 600w, https:\/\/blog.zusi-team-sued.de\/wp-content\/uploads\/2018\/11\/2018kw46.jpg 1837w\" sizes=\"auto, (max-width: 1024px) 100vw, 1024px\" \/><\/a><\/p>\n<p>Im Hintergrund ist zu erahnen, dass auch die Abteilung B\u00fcsche, B\u00e4ume und Br\u00fccken sehr aktiv ist und erste Ans\u00e4tze der Landschaft links und rechts des Bahnk\u00f6rpers sichtbar werden.<\/p>\n","protected":false},"excerpt":{"rendered":"<p>Das Baustellenfoto der KW 46\/2018 entf\u00fchrt uns mal wieder nach Westendorf, wo unsere Objektbauabteilung daf\u00fcr gesorgt hat, dass die ersten Geb\u00e4ude aus dem Boden sprie\u00dfen. Links zu sehen das &#8222;Empfangsgeb\u00e4ude&#8220; des Haltepunkts Westendorf. Im Hintergrund ist zu erahnen, dass auch die Abteilung B\u00fcsche, B\u00e4ume und Br\u00fccken sehr aktiv ist und erste Ans\u00e4tze der Landschaft links<\/p>\n<div class=\"read-more-wrapper\"><a class=\"read-more\" href=\"https:\/\/www.zusi-team-sued.de\/?p=833\" title=\"Read More\"> <span class=\"button default\">Read More<\/span><\/a><\/div>\n","protected":false},"author":4,"featured_media":834,"comment_status":"open","ping_status":"open","sticky":false,"template":"","format":"standard","meta":{"footnotes":""},"categories":[22],"tags":[],"class_list":["post-833","post","type-post","status-publish","format-standard","has-post-thumbnail","hentry","category-modul-westendorf"],"_links":{"self":[{"href":"https:\/\/www.zusi-team-sued.de\/index.php?rest_route=\/wp\/v2\/posts\/833","targetHints":{"allow":["GET"]}}],"collection":[{"href":"https:\/\/www.zusi-team-sued.de\/index.php?rest_route=\/wp\/v2\/posts"}],"about":[{"href":"https:\/\/www.zusi-team-sued.de\/index.php?rest_route=\/wp\/v2\/types\/post"}],"author":[{"embeddable":true,"href":"https:\/\/www.zusi-team-sued.de\/index.php?rest_route=\/wp\/v2\/users\/4"}],"replies":[{"embeddable":true,"href":"https:\/\/www.zusi-team-sued.de\/index.php?rest_route=%2Fwp%2Fv2%2Fcomments&post=833"}],"version-history":[{"count":0,"href":"https:\/\/www.zusi-team-sued.de\/index.php?rest_route=\/wp\/v2\/posts\/833\/revisions"}],"wp:featuredmedia":[{"embeddable":true,"href":"https:\/\/www.zusi-team-sued.de\/index.php?rest_route=\/wp\/v2\/media\/834"}],"wp:attachment":[{"href":"https:\/\/www.zusi-team-sued.de\/index.php?rest_route=%2Fwp%2Fv2%2Fmedia&parent=833"}],"wp:term":[{"taxonomy":"category","embeddable":true,"href":"https:\/\/www.zusi-team-sued.de\/index.php?rest_route=%2Fwp%2Fv2%2Fcategories&post=833"},{"taxonomy":"post_tag","embeddable":true,"href":"https:\/\/www.zusi-team-sued.de\/index.php?rest_route=%2Fwp%2Fv2%2Ftags&post=833"}],"curies":[{"name":"wp","href":"https:\/\/api.w.org\/{rel}","templated":true}]}}