{"id":706,"date":"2018-09-09T19:08:45","date_gmt":"2018-09-09T17:08:45","guid":{"rendered":"https:\/\/www.zusi-team-sued.de\/?p=706"},"modified":"2021-01-10T09:51:50","modified_gmt":"2021-01-10T08:51:50","slug":"modul-westendorf","status":"publish","type":"post","link":"https:\/\/www.zusi-team-sued.de\/?p=706","title":{"rendered":"Modul Westendorf"},"content":{"rendered":"<p>Westendorf wird das wohl k\u00fcrzeste Modul unseres Projekts, es umfasst &#8222;nur&#8220; 2 km. In diesem Abschnitt befindet sich der Haltepunkt Westendorf sowie in Fahrtrichtung Donauw\u00f6rth die Sbk 207 und 257 (letzterer am Gegengleis) sowie der Sbk 206 in Fahrtrichtung Augsburg.<\/p>\n<p><a href=\"https:\/\/blog.zusi-team-sued.de\/wp-content\/uploads\/2018\/09\/westendorf.png\"><img loading=\"lazy\" decoding=\"async\" class=\"aligncenter size-full wp-image-707\" src=\"https:\/\/blog.zusi-team-sued.de\/wp-content\/uploads\/2018\/09\/westendorf.png\" alt=\"\" width=\"190\" height=\"249\" \/><\/a>Westendorf ist eine selbst\u00e4ndige Gemeinde innerhalb der Verwaltungsgemeinschaft Nordendorf und hat ca. 1.500 Einwohner. Neben einigen kleineren Gewerbebetrieben zwischen Bahn und der B2 ist\u00a0sie haupts\u00e4chlich Wohnstandort und im Ortskern durchaus auch noch etwas landwirtschaftlich gepr\u00e4gt. \u00d6stlich von Westendorf liegt \u00fcbrigens &#8211; wie es sich geh\u00f6rt, Ostendorf, dessen Ortsrand auch nur etwas mehr als\u00a0einen Kilometer vom Haltepunkt Westendorf entfernt ist. N\u00f6rdlich von Westendorf, auch an unserer Bahnstrecke gelegen, folgt Nordendorf, der mit Abstand gr\u00f6\u00dfte Ort dieser &#8222;Himmelsrichtungsd\u00f6rfer&#8220;. Einen Ort S\u00fcdendorf gibt es \u00fcbrigens nicht;)<br \/>\nZwischen Westendorf und Nordendorf beim Weiler Blankenburg kommt der westliche Talrand des Lechtales mit seinen bewaldeten H\u00fcgeln unserer Strecke \u00fcbrigens am n\u00e4chsten. Daf\u00fcr macht der Lech in H\u00f6he Ostendorf einen Knick und entfernt sich wieder merklich von unserer Strecke und strebt seiner M\u00fcndung bei Lechsend in die Donau entgegen.<\/p>\n<p><a href=\"https:\/\/blog.zusi-team-sued.de\/wp-content\/uploads\/2018\/09\/karte_westendorf.jpg\"><img loading=\"lazy\" decoding=\"async\" class=\"aligncenter size-full wp-image-708\" src=\"https:\/\/blog.zusi-team-sued.de\/wp-content\/uploads\/2018\/09\/karte_westendorf.jpg\" alt=\"\" width=\"952\" height=\"918\" srcset=\"https:\/\/blog.zusi-team-sued.de\/wp-content\/uploads\/2018\/09\/karte_westendorf.jpg 952w, https:\/\/blog.zusi-team-sued.de\/wp-content\/uploads\/2018\/09\/karte_westendorf-300x289.jpg 300w, https:\/\/blog.zusi-team-sued.de\/wp-content\/uploads\/2018\/09\/karte_westendorf-768x741.jpg 768w, https:\/\/blog.zusi-team-sued.de\/wp-content\/uploads\/2018\/09\/karte_westendorf-945x911.jpg 945w, https:\/\/blog.zusi-team-sued.de\/wp-content\/uploads\/2018\/09\/karte_westendorf-600x579.jpg 600w\" sizes=\"auto, (max-width: 952px) 100vw, 952px\" \/><\/a><\/p>\n<p>Der Haltepunkt Westendorf ist nur schlicht ausgestattet. Es gibt einen kleinen Funktionsbau am westlichen Bahnsteig (sch\u00e4tzungsweise aus den 1970-er Jahren) der noch als \u00fcberdachter Wartebereich dient. Der in diesem Geb\u00e4ude befindliche fr\u00fchere Schalterraum steht leer, f\u00fcr die Selbstblocksignale ist der Fahrdienstleiter Meitingen zust\u00e4ndig. Beide Bahnsteige sind nur \u00fcber den Fu\u00dfweg\u00a0an der am Haltepunkt befindlichen Stra\u00dfenunterf\u00fchrung der Hauptstra\u00dfe verbunden. W\u00e4hrend der Bahnsteig Richtung Donauw\u00f6rth immerhin 38 cm hoch ist kommt der der Fahrtrichtung nach Augsburg nur auf eine H\u00f6he von 15 cm \u00fcber Schienenoberkante. Er ist damit der niedrigste Bahnsteig der Strecke Donauw\u00f6rth &#8211; Augsburg.<\/p>\n<p>Noch gibt es in Zusi nicht viel zu sehen:<\/p>\n<p><a href=\"https:\/\/blog.zusi-team-sued.de\/wp-content\/uploads\/2018\/09\/westendorf_hp.jpg\"><img loading=\"lazy\" decoding=\"async\" class=\"aligncenter size-full wp-image-709\" src=\"https:\/\/blog.zusi-team-sued.de\/wp-content\/uploads\/2018\/09\/westendorf_hp.jpg\" alt=\"\" width=\"1246\" height=\"745\" srcset=\"https:\/\/blog.zusi-team-sued.de\/wp-content\/uploads\/2018\/09\/westendorf_hp.jpg 1246w, https:\/\/blog.zusi-team-sued.de\/wp-content\/uploads\/2018\/09\/westendorf_hp-300x179.jpg 300w, https:\/\/blog.zusi-team-sued.de\/wp-content\/uploads\/2018\/09\/westendorf_hp-768x459.jpg 768w, https:\/\/blog.zusi-team-sued.de\/wp-content\/uploads\/2018\/09\/westendorf_hp-1024x612.jpg 1024w, https:\/\/blog.zusi-team-sued.de\/wp-content\/uploads\/2018\/09\/westendorf_hp-945x565.jpg 945w, https:\/\/blog.zusi-team-sued.de\/wp-content\/uploads\/2018\/09\/westendorf_hp-600x359.jpg 600w\" sizes=\"auto, (max-width: 1246px) 100vw, 1246px\" \/><\/a><\/p>\n<p>Betrieblich halten in Westendorf nur die Nahverkehrsz\u00fcge bzw. heute Regionalbahnz\u00fcge des Fugger-Express. Echte Eilzughalte gab es hier nicht. Allerdings fuhren sowohl fr\u00fcher als auch heute einige E oder RE-Z\u00fcge auf der Strecke die sich zwar so nennen, im Abschnitt Donauw\u00f6rth &#8211; Augsburg aber alle Halte bedienen und erst zwischen Augsburg und M\u00fcnchen eilzugm\u00e4\u00dfig unterwegs sind. Dementsprechend hat Westendorf bis heute durchgehende Zugverbindungen nach M\u00fcnchen. Fr\u00fcher gab es solche auch bis nach Stuttgart (\u00fcber N\u00f6rdlingen &#8211; Aalen). Zum Abschluss noch ein Vorbildfoto vom &#8222;Empfangsgeb\u00e4ude&#8220;:<\/p>\n<p><a href=\"https:\/\/blog.zusi-team-sued.de\/wp-content\/uploads\/2018\/09\/DSC02758.jpg\"><img loading=\"lazy\" decoding=\"async\" class=\"aligncenter size-full wp-image-710\" src=\"https:\/\/blog.zusi-team-sued.de\/wp-content\/uploads\/2018\/09\/DSC02758.jpg\" alt=\"\" width=\"6000\" height=\"4000\" srcset=\"https:\/\/blog.zusi-team-sued.de\/wp-content\/uploads\/2018\/09\/DSC02758.jpg 6000w, https:\/\/blog.zusi-team-sued.de\/wp-content\/uploads\/2018\/09\/DSC02758-300x200.jpg 300w, https:\/\/blog.zusi-team-sued.de\/wp-content\/uploads\/2018\/09\/DSC02758-768x512.jpg 768w, https:\/\/blog.zusi-team-sued.de\/wp-content\/uploads\/2018\/09\/DSC02758-1024x683.jpg 1024w, https:\/\/blog.zusi-team-sued.de\/wp-content\/uploads\/2018\/09\/DSC02758-945x630.jpg 945w, https:\/\/blog.zusi-team-sued.de\/wp-content\/uploads\/2018\/09\/DSC02758-600x400.jpg 600w\" sizes=\"auto, (max-width: 6000px) 100vw, 6000px\" \/><\/a><\/p>\n","protected":false},"excerpt":{"rendered":"<p>Westendorf wird das wohl k\u00fcrzeste Modul unseres Projekts, es umfasst &#8222;nur&#8220; 2 km. In diesem Abschnitt befindet sich der Haltepunkt Westendorf sowie in Fahrtrichtung Donauw\u00f6rth die Sbk 207 und 257 (letzterer am Gegengleis) sowie der Sbk 206 in Fahrtrichtung Augsburg. Westendorf ist eine selbst\u00e4ndige Gemeinde innerhalb der Verwaltungsgemeinschaft Nordendorf und hat ca. 1.500 Einwohner. Neben<\/p>\n<div class=\"read-more-wrapper\"><a class=\"read-more\" href=\"https:\/\/www.zusi-team-sued.de\/?p=706\" title=\"Read More\"> <span class=\"button default\">Read More<\/span><\/a><\/div>\n","protected":false},"author":4,"featured_media":710,"comment_status":"open","ping_status":"open","sticky":false,"template":"","format":"standard","meta":{"footnotes":""},"categories":[6,22,7],"tags":[],"class_list":["post-706","post","type-post","status-publish","format-standard","has-post-thumbnail","hentry","category-betriebsstellen","category-modul-westendorf","category-module"],"_links":{"self":[{"href":"https:\/\/www.zusi-team-sued.de\/index.php?rest_route=\/wp\/v2\/posts\/706","targetHints":{"allow":["GET"]}}],"collection":[{"href":"https:\/\/www.zusi-team-sued.de\/index.php?rest_route=\/wp\/v2\/posts"}],"about":[{"href":"https:\/\/www.zusi-team-sued.de\/index.php?rest_route=\/wp\/v2\/types\/post"}],"author":[{"embeddable":true,"href":"https:\/\/www.zusi-team-sued.de\/index.php?rest_route=\/wp\/v2\/users\/4"}],"replies":[{"embeddable":true,"href":"https:\/\/www.zusi-team-sued.de\/index.php?rest_route=%2Fwp%2Fv2%2Fcomments&post=706"}],"version-history":[{"count":0,"href":"https:\/\/www.zusi-team-sued.de\/index.php?rest_route=\/wp\/v2\/posts\/706\/revisions"}],"wp:featuredmedia":[{"embeddable":true,"href":"https:\/\/www.zusi-team-sued.de\/index.php?rest_route=\/wp\/v2\/media\/710"}],"wp:attachment":[{"href":"https:\/\/www.zusi-team-sued.de\/index.php?rest_route=%2Fwp%2Fv2%2Fmedia&parent=706"}],"wp:term":[{"taxonomy":"category","embeddable":true,"href":"https:\/\/www.zusi-team-sued.de\/index.php?rest_route=%2Fwp%2Fv2%2Fcategories&post=706"},{"taxonomy":"post_tag","embeddable":true,"href":"https:\/\/www.zusi-team-sued.de\/index.php?rest_route=%2Fwp%2Fv2%2Ftags&post=706"}],"curies":[{"name":"wp","href":"https:\/\/api.w.org\/{rel}","templated":true}]}}