{"id":1140,"date":"2020-12-30T21:43:30","date_gmt":"2020-12-30T20:43:30","guid":{"rendered":"https:\/\/www.zusi-team-sued.de\/?p=1140"},"modified":"2021-01-31T17:59:10","modified_gmt":"2021-01-31T16:59:10","slug":"baubild-522020","status":"publish","type":"post","link":"https:\/\/www.zusi-team-sued.de\/?p=1140","title":{"rendered":"Baubild 52\/2020"},"content":{"rendered":"<p>Diesmal ist es &#8211; rechtzeitig zum Jahresende, ein Luftbild des Moduls Mertingen Bf.<\/p>\n<p>Wir haben noch ein kleines St\u00fcck Arbeit in diesem Modul vor uns. Das gro\u00dfe &#8218;Loch&#8216; in der oberen Bildmitte wird einmal mit der Marktgemeinde Mertingen gef\u00fcllt sein, die dem Modul den Namen gibt. Dort wo die Zahl 650 zu sehen ist, ist das derzeitige Streckenende der exKBS 911. Das ist auch der Grund, weshalb wir an dieser Stelle nicht einfach den Gel\u00e4ndeformer arbeiten lassen k\u00f6nnen, sondern ausmodellieren m\u00fcssen. Es wird sich n\u00e4mlich m\u00f6glicherweise das Modul Lauterbach anschlie\u00dfen, das die n\u00e4chsten Kilometer der ehemaligen Bahnstrecke nach Wertingen abbildet.<\/p>\n<p>Ob im S\u00fcden noch was jenseits der B2 nachgebildet werden muss, wird man mal sehen. Auf jeden Fall ist die Br\u00fccke der B2-Querung (in etwa in der unteren Bildmitte) einzubauen und mit Landschaft zu umgeben.<\/p>\n<p>Und hier noch ein kurzer Blick im Bahnhof Mertingen Richtung B\u00e4umenheim, das n\u00e4chste n\u00f6rdliche Modul.<\/p>\n<p><img loading=\"lazy\" decoding=\"async\" class=\"aligncenter size-large wp-image-1143\" src=\"https:\/\/blog.zusi-team-sued.de\/wp-content\/uploads\/2020\/12\/2-1024x616.jpg\" alt=\"\" width=\"676\" height=\"407\" srcset=\"https:\/\/blog.zusi-team-sued.de\/wp-content\/uploads\/2020\/12\/2-1024x616.jpg 1024w, https:\/\/blog.zusi-team-sued.de\/wp-content\/uploads\/2020\/12\/2-300x180.jpg 300w, https:\/\/blog.zusi-team-sued.de\/wp-content\/uploads\/2020\/12\/2-768x462.jpg 768w, https:\/\/blog.zusi-team-sued.de\/wp-content\/uploads\/2020\/12\/2-945x568.jpg 945w, https:\/\/blog.zusi-team-sued.de\/wp-content\/uploads\/2020\/12\/2-600x361.jpg 600w, https:\/\/blog.zusi-team-sued.de\/wp-content\/uploads\/2020\/12\/2.jpg 1028w\" sizes=\"auto, (max-width: 676px) 100vw, 676px\" \/><\/p>\n","protected":false},"excerpt":{"rendered":"<p>Diesmal ist es &#8211; rechtzeitig zum Jahresende, ein Luftbild des Moduls Mertingen Bf. Wir haben noch ein kleines St\u00fcck Arbeit in diesem Modul vor uns. Das gro\u00dfe &#8218;Loch&#8216; in der oberen Bildmitte wird einmal mit der Marktgemeinde Mertingen gef\u00fcllt sein, die dem Modul den Namen gibt. Dort wo die Zahl 650 zu sehen ist, ist<\/p>\n<div class=\"read-more-wrapper\"><a class=\"read-more\" href=\"https:\/\/www.zusi-team-sued.de\/?p=1140\" title=\"Read More\"> <span class=\"button default\">Read More<\/span><\/a><\/div>\n","protected":false},"author":8,"featured_media":1141,"comment_status":"open","ping_status":"open","sticky":false,"template":"","format":"standard","meta":{"footnotes":""},"categories":[27],"tags":[],"class_list":["post-1140","post","type-post","status-publish","format-standard","has-post-thumbnail","hentry","category-modul-mertingen"],"_links":{"self":[{"href":"https:\/\/www.zusi-team-sued.de\/index.php?rest_route=\/wp\/v2\/posts\/1140","targetHints":{"allow":["GET"]}}],"collection":[{"href":"https:\/\/www.zusi-team-sued.de\/index.php?rest_route=\/wp\/v2\/posts"}],"about":[{"href":"https:\/\/www.zusi-team-sued.de\/index.php?rest_route=\/wp\/v2\/types\/post"}],"author":[{"embeddable":true,"href":"https:\/\/www.zusi-team-sued.de\/index.php?rest_route=\/wp\/v2\/users\/8"}],"replies":[{"embeddable":true,"href":"https:\/\/www.zusi-team-sued.de\/index.php?rest_route=%2Fwp%2Fv2%2Fcomments&post=1140"}],"version-history":[{"count":0,"href":"https:\/\/www.zusi-team-sued.de\/index.php?rest_route=\/wp\/v2\/posts\/1140\/revisions"}],"wp:featuredmedia":[{"embeddable":true,"href":"https:\/\/www.zusi-team-sued.de\/index.php?rest_route=\/wp\/v2\/media\/1141"}],"wp:attachment":[{"href":"https:\/\/www.zusi-team-sued.de\/index.php?rest_route=%2Fwp%2Fv2%2Fmedia&parent=1140"}],"wp:term":[{"taxonomy":"category","embeddable":true,"href":"https:\/\/www.zusi-team-sued.de\/index.php?rest_route=%2Fwp%2Fv2%2Fcategories&post=1140"},{"taxonomy":"post_tag","embeddable":true,"href":"https:\/\/www.zusi-team-sued.de\/index.php?rest_route=%2Fwp%2Fv2%2Ftags&post=1140"}],"curies":[{"name":"wp","href":"https:\/\/api.w.org\/{rel}","templated":true}]}}